{"id":4259,"date":"2019-05-12T11:06:56","date_gmt":"2019-05-12T09:06:56","guid":{"rendered":"https:\/\/www.champagne-fabrice-etienne.com\/?p=4259"},"modified":"2019-08-17T22:42:33","modified_gmt":"2019-08-17T20:42:33","slug":"foire-de-printemps-28-eme-edition","status":"publish","type":"post","link":"https:\/\/www.champagne-fabrice-etienne.com\/en\/foire-de-printemps-28-eme-edition\/","title":{"rendered":"Foire de Printemps"},"content":{"rendered":"<h2>Foire de Printemps<\/h2>\n<p>Viviane et Fabrice seront pr\u00e9sents \u00e0 la 28\u00e8me Foire de Printemps \u00e0 ISDES (45620) afin de vous faire d\u00e9guster nos champagnes et vous faire d\u00e9couvrir la maison pour ceux qui ne connaissent pas encore&nbsp;!<\/p>\n<p>N&rsquo;h\u00e9sitez pas \u00e0 venir leur faire un coucou vous serez bien accueillis&nbsp;!!<\/p>\n<p>A bient\u00f4t&nbsp;!!<\/p>","protected":false},"excerpt":{"rendered":"<p>Viviane et Fabrice seront pr\u00e9sents \u00e0 la 28\u00e8me Foire de Printemps afin de vous faire d\u00e9guster nos champagnes.<\/p>","protected":false},"author":7,"featured_media":0,"comment_status":"open","ping_status":"open","sticky":false,"template":"","format":"standard","meta":{"_et_pb_use_builder":"","_et_pb_old_content":"","_et_gb_content_width":"","_exactmetrics_skip_tracking":false,"_exactmetrics_sitenote_active":false,"_exactmetrics_sitenote_note":"","_exactmetrics_sitenote_category":0,"footnotes":""},"categories":[1],"tags":[],"_links":{"self":[{"href":"https:\/\/www.champagne-fabrice-etienne.com\/en\/wp-json\/wp\/v2\/posts\/4259"}],"collection":[{"href":"https:\/\/www.champagne-fabrice-etienne.com\/en\/wp-json\/wp\/v2\/posts"}],"about":[{"href":"https:\/\/www.champagne-fabrice-etienne.com\/en\/wp-json\/wp\/v2\/types\/post"}],"author":[{"embeddable":true,"href":"https:\/\/www.champagne-fabrice-etienne.com\/en\/wp-json\/wp\/v2\/users\/7"}],"replies":[{"embeddable":true,"href":"https:\/\/www.champagne-fabrice-etienne.com\/en\/wp-json\/wp\/v2\/comments?post=4259"}],"version-history":[{"count":0,"href":"https:\/\/www.champagne-fabrice-etienne.com\/en\/wp-json\/wp\/v2\/posts\/4259\/revisions"}],"wp:attachment":[{"href":"https:\/\/www.champagne-fabrice-etienne.com\/en\/wp-json\/wp\/v2\/media?parent=4259"}],"wp:term":[{"taxonomy":"category","embeddable":true,"href":"https:\/\/www.champagne-fabrice-etienne.com\/en\/wp-json\/wp\/v2\/categories?post=4259"},{"taxonomy":"post_tag","embeddable":true,"href":"https:\/\/www.champagne-fabrice-etienne.com\/en\/wp-json\/wp\/v2\/tags?post=4259"}],"curies":[{"name":"wp","href":"https:\/\/api.w.org\/{rel}","templated":true}]}}